{"id":1928,"date":"2026-04-29T22:17:43","date_gmt":"2026-04-29T22:17:43","guid":{"rendered":"https:\/\/ichtp.cl\/portal\/?p=1928"},"modified":"2026-04-29T22:17:43","modified_gmt":"2026-04-29T22:17:43","slug":"columna-del-presidente-dr-benny-oksenberg","status":"publish","type":"post","link":"https:\/\/ichtp.cl\/portal\/2026\/04\/29\/columna-del-presidente-dr-benny-oksenberg\/","title":{"rendered":"Columna del presidente &#8211; Dr. Benny Oksenberg"},"content":{"rendered":"<p>Celebramos esta primera edici\u00f3n del newsletter del ICHTP, agradeciendo al Dr Julio Armijo y a Mario Spiler su implementaci\u00f3n.<\/p>\n<p>En estos d\u00edas hemos titulado a nuestra segunda promoci\u00f3n del post\u00edtulo \u2018 Clinica psicodinamica en los trastornos de la Personalidad: teor\u00edas, desaf\u00edos y complejidades\u2019 bajo la excelente organizaci\u00f3n de Andrea Isaac y Paula S\u00e1nchez, junto a quienes hemos examinado a nuestros alumnos, y constatado que el programa result\u00f3 ser una experiencia de aprendizaje que nos deja razonablemente satisfechos, y cuya tercera versi\u00f3n partir\u00e1 en agosto 2026.<\/p>\n<p>En ese contexto y al despedir a nuestros alumnos, decidimos compartirles nuestra \u2018l\u00ednea editorial\u2019 que era un conjunto de sensaciones que circulaba entre nosotros pero al exponerla devino una realizaci\u00f3n.<\/p>\n<p>Me refiero a lo que , nos parece, es una relaci\u00f3n saludable con el conocimiento.<\/p>\n<p>El conocimiento acumulado nos llena de bienestar al sentir que \u2018entendemos\u2019, nos aporta coherencia, nos permite formulaciones e im\u00e1genes con las que podemos operar t\u00e9cnicamente, nos hace sentir que el mundo oscuro que nos rodea de pronto se ilumina, que cuando nos consulta un paciente sabremos que hacer, y que formaremos parte de un grupo extendido con quienes compartiremos la inevitable idealizaci\u00f3n de nuestro conocimiento, sin la cual no podr\u00edamos operar.<\/p>\n<p>Pero el conocimiento acumulado limita con el desconocimiento..en todo momento, y eso es doloroso porque la oscuridad est\u00e1 siempre ah\u00ed. Bion sabiamente, como suele, lo aplic\u00f3 a la t\u00e9cnica y propuso oscilar entre \u2018la nada y la imaginaci\u00f3n\u2019, en sus tiempos finales.<\/p>\n<p>Ferro advirti\u00f3 del \u2018grasping\u2019 y Freud recomend\u00f3 una \u2018ceguera artificial\u2019, concentrando la luz en un pasaje oscuro.<\/p>\n<p>Kernberg recomend\u00f3 en los inicios de su t\u00e9cnica \u2018research..research and research \u2018 como soporte del conocimiento incierto.<\/p>\n<p>Todos influidos\u00a0 por Kant, para quien la \u2018realidad \u00faltima era incognoscible\u2019 y solo podemos aspirar a la \u2018correspondencia\u2019.<\/p>\n<p>Tratamos de mantenernos en la duda razonable..fracasamos una y otra vez pero para restablecerla, como nuestra neutralidad t\u00e9cnica.<\/p>\n<p>&nbsp;<\/p>\n<p>Un reconocimiento a todos quienes conforman nuestro directorio,\u00a0 coordinadores de unidad, grupo de estudio, y miembros en general, por su abnegada labor.<\/p>\n<p>&nbsp;<\/p>\n<p>Dr Benny Oksenberg<\/p>\n","protected":false},"excerpt":{"rendered":"<p>Celebramos esta primera edici\u00f3n del newsletter del ICHTP, agradeciendo al Dr Julio Armijo y a Mario Spiler su implementaci\u00f3n. En estos d\u00edas hemos titulado a nuestra segunda promoci\u00f3n del post\u00edtulo \u2018 Clinica psicodinamica en los trastornos de la Personalidad: teor\u00edas, desaf\u00edos y complejidades\u2019 bajo la excelente organizaci\u00f3n de Andrea Isaac y Paula S\u00e1nchez, junto a [&hellip;]<\/p>\n","protected":false},"author":1,"featured_media":0,"comment_status":"closed","ping_status":"open","sticky":false,"template":"","format":"standard","meta":{"om_disable_all_campaigns":false,"_monsterinsights_skip_tracking":false,"_monsterinsights_sitenote_active":false,"_monsterinsights_sitenote_note":"","_monsterinsights_sitenote_category":0,"_uf_show_specific_survey":0,"_uf_disable_surveys":false,"site-sidebar-layout":"right-sidebar","site-content-layout":"","ast-site-content-layout":"default","site-content-style":"default","site-sidebar-style":"default","ast-global-header-display":"","ast-banner-title-visibility":"","ast-main-header-display":"","ast-hfb-above-header-display":"","ast-hfb-below-header-display":"","ast-hfb-mobile-header-display":"","site-post-title":"","ast-breadcrumbs-content":"","ast-featured-img":"","footer-sml-layout":"","ast-disable-related-posts":"","theme-transparent-header-meta":"default","adv-header-id-meta":"","stick-header-meta":"","header-above-stick-meta":"","header-main-stick-meta":"","header-below-stick-meta":"","astra-migrate-meta-layouts":"set","ast-page-background-enabled":"default","ast-page-background-meta":{"desktop":{"background-color":"var(--ast-global-color-4)","background-image":"","background-repeat":"repeat","background-position":"center center","background-size":"auto","background-attachment":"scroll","background-type":"","background-media":"","overlay-type":"","overlay-color":"","overlay-opacity":"","overlay-gradient":""},"tablet":{"background-color":"","background-image":"","background-repeat":"repeat","background-position":"center center","background-size":"auto","background-attachment":"scroll","background-type":"","background-media":"","overlay-type":"","overlay-color":"","overlay-opacity":"","overlay-gradient":""},"mobile":{"background-color":"","background-image":"","background-repeat":"repeat","background-position":"center center","background-size":"auto","background-attachment":"scroll","background-type":"","background-media":"","overlay-type":"","overlay-color":"","overlay-opacity":"","overlay-gradient":""}},"ast-content-background-meta":{"desktop":{"background-color":"var(--ast-global-color-5)","background-image":"","background-repeat":"repeat","background-position":"center center","background-size":"auto","background-attachment":"scroll","background-type":"","background-media":"","overlay-type":"","overlay-color":"","overlay-opacity":"","overlay-gradient":""},"tablet":{"background-color":"var(--ast-global-color-5)","background-image":"","background-repeat":"repeat","background-position":"center center","background-size":"auto","background-attachment":"scroll","background-type":"","background-media":"","overlay-type":"","overlay-color":"","overlay-opacity":"","overlay-gradient":""},"mobile":{"background-color":"var(--ast-global-color-5)","background-image":"","background-repeat":"repeat","background-position":"center center","background-size":"auto","background-attachment":"scroll","background-type":"","background-media":"","overlay-type":"","overlay-color":"","overlay-opacity":"","overlay-gradient":""}},"_jetpack_memberships_contains_paid_content":false,"footnotes":""},"categories":[17],"tags":[],"class_list":["post-1928","post","type-post","status-publish","format-standard","hentry","category-boletin"],"yoast_head":"<!-- This site is optimized with the Yoast SEO plugin v27.5 - https:\/\/yoast.com\/product\/yoast-seo-wordpress\/ -->\n<title>Columna del presidente - Dr. Benny Oksenberg -<\/title>\n<meta name=\"robots\" content=\"index, follow, max-snippet:-1, max-image-preview:large, max-video-preview:-1\" \/>\n<link rel=\"canonical\" href=\"https:\/\/ichtp.cl\/portal\/2026\/04\/29\/columna-del-presidente-dr-benny-oksenberg\/\" \/>\n<meta property=\"og:locale\" content=\"es_ES\" \/>\n<meta property=\"og:type\" content=\"article\" \/>\n<meta property=\"og:title\" content=\"Columna del presidente - Dr. Benny Oksenberg -\" \/>\n<meta property=\"og:description\" content=\"Celebramos esta primera edici\u00f3n del newsletter del ICHTP, agradeciendo al Dr Julio Armijo y a Mario Spiler su implementaci\u00f3n. En estos d\u00edas hemos titulado a nuestra segunda promoci\u00f3n del post\u00edtulo \u2018 Clinica psicodinamica en los trastornos de la Personalidad: teor\u00edas, desaf\u00edos y complejidades\u2019 bajo la excelente organizaci\u00f3n de Andrea Isaac y Paula S\u00e1nchez, junto a [&hellip;]\" \/>\n<meta property=\"og:url\" content=\"https:\/\/ichtp.cl\/portal\/2026\/04\/29\/columna-del-presidente-dr-benny-oksenberg\/\" \/>\n<meta property=\"article:published_time\" content=\"2026-04-29T22:17:43+00:00\" \/>\n<meta name=\"author\" content=\"admin\" \/>\n<meta name=\"twitter:card\" content=\"summary_large_image\" \/>\n<meta name=\"twitter:label1\" content=\"Escrito por\" \/>\n\t<meta name=\"twitter:data1\" content=\"admin\" \/>\n\t<meta name=\"twitter:label2\" content=\"Tiempo de lectura\" \/>\n\t<meta name=\"twitter:data2\" content=\"2 minutos\" \/>\n<script type=\"application\/ld+json\" class=\"yoast-schema-graph\">{\"@context\":\"https:\\\/\\\/schema.org\",\"@graph\":[{\"@type\":\"Article\",\"@id\":\"https:\\\/\\\/ichtp.cl\\\/portal\\\/2026\\\/04\\\/29\\\/columna-del-presidente-dr-benny-oksenberg\\\/#article\",\"isPartOf\":{\"@id\":\"https:\\\/\\\/ichtp.cl\\\/portal\\\/2026\\\/04\\\/29\\\/columna-del-presidente-dr-benny-oksenberg\\\/\"},\"author\":{\"name\":\"admin\",\"@id\":\"https:\\\/\\\/ichtp.cl\\\/portal\\\/#\\\/schema\\\/person\\\/1406563f645f2b719d59d044fa8f0edf\"},\"headline\":\"Columna del presidente &#8211; Dr. Benny Oksenberg\",\"datePublished\":\"2026-04-29T22:17:43+00:00\",\"mainEntityOfPage\":{\"@id\":\"https:\\\/\\\/ichtp.cl\\\/portal\\\/2026\\\/04\\\/29\\\/columna-del-presidente-dr-benny-oksenberg\\\/\"},\"wordCount\":367,\"articleSection\":[\"Boletin\"],\"inLanguage\":\"es\"},{\"@type\":\"WebPage\",\"@id\":\"https:\\\/\\\/ichtp.cl\\\/portal\\\/2026\\\/04\\\/29\\\/columna-del-presidente-dr-benny-oksenberg\\\/\",\"url\":\"https:\\\/\\\/ichtp.cl\\\/portal\\\/2026\\\/04\\\/29\\\/columna-del-presidente-dr-benny-oksenberg\\\/\",\"name\":\"Columna del presidente - Dr. Benny Oksenberg -\",\"isPartOf\":{\"@id\":\"https:\\\/\\\/ichtp.cl\\\/portal\\\/#website\"},\"datePublished\":\"2026-04-29T22:17:43+00:00\",\"author\":{\"@id\":\"https:\\\/\\\/ichtp.cl\\\/portal\\\/#\\\/schema\\\/person\\\/1406563f645f2b719d59d044fa8f0edf\"},\"breadcrumb\":{\"@id\":\"https:\\\/\\\/ichtp.cl\\\/portal\\\/2026\\\/04\\\/29\\\/columna-del-presidente-dr-benny-oksenberg\\\/#breadcrumb\"},\"inLanguage\":\"es\",\"potentialAction\":[{\"@type\":\"ReadAction\",\"target\":[\"https:\\\/\\\/ichtp.cl\\\/portal\\\/2026\\\/04\\\/29\\\/columna-del-presidente-dr-benny-oksenberg\\\/\"]}]},{\"@type\":\"BreadcrumbList\",\"@id\":\"https:\\\/\\\/ichtp.cl\\\/portal\\\/2026\\\/04\\\/29\\\/columna-del-presidente-dr-benny-oksenberg\\\/#breadcrumb\",\"itemListElement\":[{\"@type\":\"ListItem\",\"position\":1,\"name\":\"Home\",\"item\":\"https:\\\/\\\/ichtp.cl\\\/portal\\\/\"},{\"@type\":\"ListItem\",\"position\":2,\"name\":\"Columna del presidente &#8211; Dr. Benny Oksenberg\"}]},{\"@type\":\"WebSite\",\"@id\":\"https:\\\/\\\/ichtp.cl\\\/portal\\\/#website\",\"url\":\"https:\\\/\\\/ichtp.cl\\\/portal\\\/\",\"name\":\"\",\"description\":\"Portal ICHTP\",\"potentialAction\":[{\"@type\":\"SearchAction\",\"target\":{\"@type\":\"EntryPoint\",\"urlTemplate\":\"https:\\\/\\\/ichtp.cl\\\/portal\\\/?s={search_term_string}\"},\"query-input\":{\"@type\":\"PropertyValueSpecification\",\"valueRequired\":true,\"valueName\":\"search_term_string\"}}],\"inLanguage\":\"es\"},{\"@type\":\"Person\",\"@id\":\"https:\\\/\\\/ichtp.cl\\\/portal\\\/#\\\/schema\\\/person\\\/1406563f645f2b719d59d044fa8f0edf\",\"name\":\"admin\",\"image\":{\"@type\":\"ImageObject\",\"inLanguage\":\"es\",\"@id\":\"https:\\\/\\\/secure.gravatar.com\\\/avatar\\\/df5124790a8bc5b6384b647c2a4f2bf523314a1db40c112ea7f1d9439f1aa53d?s=96&d=mm&r=g\",\"url\":\"https:\\\/\\\/secure.gravatar.com\\\/avatar\\\/df5124790a8bc5b6384b647c2a4f2bf523314a1db40c112ea7f1d9439f1aa53d?s=96&d=mm&r=g\",\"contentUrl\":\"https:\\\/\\\/secure.gravatar.com\\\/avatar\\\/df5124790a8bc5b6384b647c2a4f2bf523314a1db40c112ea7f1d9439f1aa53d?s=96&d=mm&r=g\",\"caption\":\"admin\"},\"sameAs\":[\"https:\\\/\\\/ichtp.cl\\\/portal\"],\"url\":\"https:\\\/\\\/ichtp.cl\\\/portal\\\/author\\\/admin\\\/\"}]}<\/script>\n<!-- \/ Yoast SEO plugin. -->","yoast_head_json":{"title":"Columna del presidente - Dr. Benny Oksenberg -","robots":{"index":"index","follow":"follow","max-snippet":"max-snippet:-1","max-image-preview":"max-image-preview:large","max-video-preview":"max-video-preview:-1"},"canonical":"https:\/\/ichtp.cl\/portal\/2026\/04\/29\/columna-del-presidente-dr-benny-oksenberg\/","og_locale":"es_ES","og_type":"article","og_title":"Columna del presidente - Dr. Benny Oksenberg -","og_description":"Celebramos esta primera edici\u00f3n del newsletter del ICHTP, agradeciendo al Dr Julio Armijo y a Mario Spiler su implementaci\u00f3n. En estos d\u00edas hemos titulado a nuestra segunda promoci\u00f3n del post\u00edtulo \u2018 Clinica psicodinamica en los trastornos de la Personalidad: teor\u00edas, desaf\u00edos y complejidades\u2019 bajo la excelente organizaci\u00f3n de Andrea Isaac y Paula S\u00e1nchez, junto a [&hellip;]","og_url":"https:\/\/ichtp.cl\/portal\/2026\/04\/29\/columna-del-presidente-dr-benny-oksenberg\/","article_published_time":"2026-04-29T22:17:43+00:00","author":"admin","twitter_card":"summary_large_image","twitter_misc":{"Escrito por":"admin","Tiempo de lectura":"2 minutos"},"schema":{"@context":"https:\/\/schema.org","@graph":[{"@type":"Article","@id":"https:\/\/ichtp.cl\/portal\/2026\/04\/29\/columna-del-presidente-dr-benny-oksenberg\/#article","isPartOf":{"@id":"https:\/\/ichtp.cl\/portal\/2026\/04\/29\/columna-del-presidente-dr-benny-oksenberg\/"},"author":{"name":"admin","@id":"https:\/\/ichtp.cl\/portal\/#\/schema\/person\/1406563f645f2b719d59d044fa8f0edf"},"headline":"Columna del presidente &#8211; Dr. Benny Oksenberg","datePublished":"2026-04-29T22:17:43+00:00","mainEntityOfPage":{"@id":"https:\/\/ichtp.cl\/portal\/2026\/04\/29\/columna-del-presidente-dr-benny-oksenberg\/"},"wordCount":367,"articleSection":["Boletin"],"inLanguage":"es"},{"@type":"WebPage","@id":"https:\/\/ichtp.cl\/portal\/2026\/04\/29\/columna-del-presidente-dr-benny-oksenberg\/","url":"https:\/\/ichtp.cl\/portal\/2026\/04\/29\/columna-del-presidente-dr-benny-oksenberg\/","name":"Columna del presidente - Dr. Benny Oksenberg -","isPartOf":{"@id":"https:\/\/ichtp.cl\/portal\/#website"},"datePublished":"2026-04-29T22:17:43+00:00","author":{"@id":"https:\/\/ichtp.cl\/portal\/#\/schema\/person\/1406563f645f2b719d59d044fa8f0edf"},"breadcrumb":{"@id":"https:\/\/ichtp.cl\/portal\/2026\/04\/29\/columna-del-presidente-dr-benny-oksenberg\/#breadcrumb"},"inLanguage":"es","potentialAction":[{"@type":"ReadAction","target":["https:\/\/ichtp.cl\/portal\/2026\/04\/29\/columna-del-presidente-dr-benny-oksenberg\/"]}]},{"@type":"BreadcrumbList","@id":"https:\/\/ichtp.cl\/portal\/2026\/04\/29\/columna-del-presidente-dr-benny-oksenberg\/#breadcrumb","itemListElement":[{"@type":"ListItem","position":1,"name":"Home","item":"https:\/\/ichtp.cl\/portal\/"},{"@type":"ListItem","position":2,"name":"Columna del presidente &#8211; Dr. Benny Oksenberg"}]},{"@type":"WebSite","@id":"https:\/\/ichtp.cl\/portal\/#website","url":"https:\/\/ichtp.cl\/portal\/","name":"","description":"Portal ICHTP","potentialAction":[{"@type":"SearchAction","target":{"@type":"EntryPoint","urlTemplate":"https:\/\/ichtp.cl\/portal\/?s={search_term_string}"},"query-input":{"@type":"PropertyValueSpecification","valueRequired":true,"valueName":"search_term_string"}}],"inLanguage":"es"},{"@type":"Person","@id":"https:\/\/ichtp.cl\/portal\/#\/schema\/person\/1406563f645f2b719d59d044fa8f0edf","name":"admin","image":{"@type":"ImageObject","inLanguage":"es","@id":"https:\/\/secure.gravatar.com\/avatar\/df5124790a8bc5b6384b647c2a4f2bf523314a1db40c112ea7f1d9439f1aa53d?s=96&d=mm&r=g","url":"https:\/\/secure.gravatar.com\/avatar\/df5124790a8bc5b6384b647c2a4f2bf523314a1db40c112ea7f1d9439f1aa53d?s=96&d=mm&r=g","contentUrl":"https:\/\/secure.gravatar.com\/avatar\/df5124790a8bc5b6384b647c2a4f2bf523314a1db40c112ea7f1d9439f1aa53d?s=96&d=mm&r=g","caption":"admin"},"sameAs":["https:\/\/ichtp.cl\/portal"],"url":"https:\/\/ichtp.cl\/portal\/author\/admin\/"}]}},"jetpack_featured_media_url":"","jetpack-related-posts":[],"jetpack_sharing_enabled":true,"rttpg_featured_image_url":null,"rttpg_author":{"display_name":"admin","author_link":"https:\/\/ichtp.cl\/portal\/author\/admin\/"},"rttpg_comment":0,"rttpg_category":"<a href=\"https:\/\/ichtp.cl\/portal\/category\/boletin\/\" rel=\"category tag\">Boletin<\/a>","rttpg_excerpt":"Celebramos esta primera edici\u00f3n del newsletter del ICHTP, agradeciendo al Dr Julio Armijo y a Mario Spiler su implementaci\u00f3n. En estos d\u00edas hemos titulado a nuestra segunda promoci\u00f3n del post\u00edtulo \u2018 Clinica psicodinamica en los trastornos de la Personalidad: teor\u00edas, desaf\u00edos y complejidades\u2019 bajo la excelente organizaci\u00f3n de Andrea Isaac y Paula S\u00e1nchez, junto a&hellip;","_links":{"self":[{"href":"https:\/\/ichtp.cl\/portal\/wp-json\/wp\/v2\/posts\/1928","targetHints":{"allow":["GET"]}}],"collection":[{"href":"https:\/\/ichtp.cl\/portal\/wp-json\/wp\/v2\/posts"}],"about":[{"href":"https:\/\/ichtp.cl\/portal\/wp-json\/wp\/v2\/types\/post"}],"author":[{"embeddable":true,"href":"https:\/\/ichtp.cl\/portal\/wp-json\/wp\/v2\/users\/1"}],"replies":[{"embeddable":true,"href":"https:\/\/ichtp.cl\/portal\/wp-json\/wp\/v2\/comments?post=1928"}],"version-history":[{"count":1,"href":"https:\/\/ichtp.cl\/portal\/wp-json\/wp\/v2\/posts\/1928\/revisions"}],"predecessor-version":[{"id":1929,"href":"https:\/\/ichtp.cl\/portal\/wp-json\/wp\/v2\/posts\/1928\/revisions\/1929"}],"wp:attachment":[{"href":"https:\/\/ichtp.cl\/portal\/wp-json\/wp\/v2\/media?parent=1928"}],"wp:term":[{"taxonomy":"category","embeddable":true,"href":"https:\/\/ichtp.cl\/portal\/wp-json\/wp\/v2\/categories?post=1928"},{"taxonomy":"post_tag","embeddable":true,"href":"https:\/\/ichtp.cl\/portal\/wp-json\/wp\/v2\/tags?post=1928"}],"curies":[{"name":"wp","href":"https:\/\/api.w.org\/{rel}","templated":true}]}}