{"id":1920,"date":"2026-04-29T22:08:35","date_gmt":"2026-04-29T22:08:35","guid":{"rendered":"https:\/\/ichtp.cl\/portal\/?p=1920"},"modified":"2026-04-30T12:31:18","modified_gmt":"2026-04-30T12:31:18","slug":"entrevista-al-dr-benny-oksenberg-presidente-del-directorio-del-ichtp","status":"publish","type":"post","link":"https:\/\/ichtp.cl\/portal\/2026\/04\/29\/entrevista-al-dr-benny-oksenberg-presidente-del-directorio-del-ichtp\/","title":{"rendered":"Entrevista al Dr. Benny Oksenberg, presidente del directorio del ICHTP"},"content":{"rendered":"<p><strong>Entrevistador<\/strong>: Ps. Paula Sanchez (psic\u00f3loga, ex miembro del directorio del ICHTP y coordinadora de la unidad de docencia del ICHTP y miembro estable de la Unidad de Adicciones de la Cl\u00edncia Uc-christus\u00a0 de la Pontificia Universidad Cat\u00f3lica de Chile)<\/p>\n<p>&nbsp;<\/p>\n<p><strong>Paula:<\/strong> Ya estamos aqu\u00ed hoy d\u00eda con el doctor Benny Oksenberg. Presidente del directorio del Instituto Chileno, de trastornos de personalidad.Bienvenido y muchas gracias por esta entrevista.<\/p>\n<p><strong>Benny:<\/strong> Con todo gusto. Muchas gracias por recibirme.<\/p>\n<p><strong>Paula:<\/strong> Para comenzar, nos gustar\u00eda que nos contara una breve descripci\u00f3n de cu\u00e1l ha sido su trayectoria. Y c\u00f3mo lleg\u00f3 tambi\u00e9n a nuestro entorno, personalidad.<\/p>\n<p><strong>Benny:<\/strong> Ya. Bueno. Una vez recibido de m\u00e9dico, me form\u00e9 como psiquiatra.En el Hospital Psiqui\u00e1trico de Santiago, en la divisi\u00f3n que pertenec\u00eda a la Universidad de Chile. La Universidad de Chile formaba Psiquiatr\u00eda del \u00e1rea Norte, formaba psiquiatras en la cl\u00ednica Psiqui\u00e1trica de la Universidad de Chile y en el hospital Psiqui\u00e1trico en el servicio del doctor Mario Gomberoff, que era profesor titular de psiquiatr\u00eda. Yo me form\u00e9 como psiquiatra ah\u00ed. Bajo la influencia muy profunda de profesores de psiquiatr\u00eda muy destacados. Varios: Gomberoff, Otto D\u00f6rr, Sergio<\/p>\n<p>Pe\u00f1aiglillo y Max Letelier. Y desde el inicio de mi formaci\u00f3n me interes\u00e9 por el psicoan\u00e1lisis como psiquiatra. Me refiero, de manera que establec\u00ed una relaci\u00f3n muy estrecha con Mario Gomberoff y Max Letelier. Ambos eran psicoanalistas. Bueno, y me recib\u00ed de psiquiatra de acuerdo al programa de formaci\u00f3n cl\u00e1sica.<\/p>\n<p>Unos pocos a\u00f1os despu\u00e9s. Postul\u00e9 al Instituto de Psicoan\u00e1lisis para la Formaci\u00f3n Psicoanal\u00edtica. Que coincidi\u00f3 con un fellowship aue yo hice en el hospital que dirig\u00eda Otto Kernbreg en Estados Unidos. El New York Hospital Cornell Medical Center. Que ten\u00eda sede en White, Planes. Que es el estado de Nueva York, Digamos. Yo me fui a hacer un fellowship con \u00e9l, en realidad dividido en 2 estad\u00edas de 3 meses, cada una. Ya francamente interesado por el tema de los trastornos de personalidad. De manera que comenc\u00e9 la relaci\u00f3n con otro Kernberg muy temprano en mi vida. O sea, todav\u00eda no se titulaba psicoanalista. Entonces yo fui aceptado como psicoanalista y aceptado en Nueva York, de manera que tuve que postergar un poquito la formaci\u00f3n psicoanal\u00edtica. Un a\u00f1o, por ejemplo. Mira, por ejemplo, de manera que estuve primero en el hospital del doctor Kernberg.<\/p>\n<p><strong>Paula :<\/strong> Okay.<\/p>\n<p><strong>Benny :<\/strong> Donde hice una rotaci\u00f3n, hice 2 rotaciones. En realidad. Una en una unidad que ten\u00edan de trastornos de personalidad de larga estad\u00eda. En que los trataban con terapia psicoanal\u00edtica hospitalizados. Y tambi\u00e9n estuve en unidades de pacientes psic\u00f3ticos de corta estad\u00eda. De manera que en m\u00ed, el inter\u00e9s por los trastornos severos de la personalidad fue relativamente temprano en mi carrera profesional y evidentemente influida pormOtto Kernberg, digamoslo, con quien, como te digo, mi relaci\u00f3n parti\u00f3 muy temprano.<\/p>\n<p><strong>Paula:<\/strong> Mhm.<\/p>\n<p><strong>Benny:<\/strong> Volv\u00ed a Chile y me form\u00e9 como psicoanalista en la Asociaci\u00f3n Psicoanal\u00edtica Chilena. Durante 5 a\u00f1os, m\u00e1s o menos. Es lo que duraba. Y una vez terminada la formaci\u00f3n como psicoanalista, ejerc\u00ed como psicoanalista durante algunos a\u00f1os, y volv\u00ed al tema de los trastornos de personalidad que ten\u00eda en esa \u00e9poca un enfoque. Otto Kernberg estaba diferenciando dentro del psicoan\u00e1lisis. La t\u00e9cnica para pacientes Borderline. cuando \u00e9l estaba en la cl\u00ednica Meninger, por ah\u00ed, empez\u00f3 en realidad. En ese momento \u00e9l plante\u00f3 la psicoterapia expresiva. As\u00ed se llamaba.<\/p>\n<p><strong>Paula:<\/strong> Mhm.<\/p>\n<p><strong>Benny:<\/strong> Que era una t\u00e9cnica extra\u00edda del psicoan\u00e1lisis adaptada a los pacientes Bordenline, en la que yo en Chile empec\u00e9 a trabajar r\u00e1pidamente. Bueno, unos a\u00f1os despu\u00e9s y segu\u00ed trabajando en psicoan\u00e1lisis.<\/p>\n<p>Voy a volver una gotita atr\u00e1s. Yo, cuando me recib\u00eda el psiquiatra en el hospital psiqui\u00e1trico. Yo me contrat\u00e9 como psiquiatra en el en el hospital psiqui\u00e1trico, donde estuve 10 a\u00f1os.<\/p>\n<p><strong>Paula:<\/strong> Mhm.<\/p>\n<p><strong>Benny:<\/strong> En un cargo de psiquiatr\u00eda. Cuando yo volv\u00ed de Estados Unidos. Y Gomberoff me nombr\u00f3 jefe de un sector de pacientes psic\u00f3ticos. El sector. Dos. Como yo ven\u00eda de Estados Unidos, con toda la influencia del trastorno de personalidad. Ese pabell\u00f3n que ten\u00eda 40 camas, lo dividimos geogr\u00e1ficamente en dos. En uno, hospitaliz\u00e1bamos pacientes psic\u00f3ticas &#8211; porque eran mujeres-. Y en el en la otra mitad empezamos a hospitalizar pacientes, Borderline. De manera que trabaj\u00e9 -yo ven\u00eda influido por el tratamiento intrahospitalario de los pacientes lim\u00edtrofes-. De manera que eso es lo que implement\u00e9 dentro del psiqui\u00e1trico. Unos a\u00f1os despu\u00e9s &#8211; no me acuerdo exactamente cu\u00e1l, cu\u00e1nto- cuando entr\u00e9 a la formaci\u00f3n psicoanal\u00edtica &#8211; todo esto est\u00e1 un poco traslapado- digamos.<\/p>\n<p><strong>Paula:<\/strong> S\u00ed.<\/p>\n<p><strong>Benny:<\/strong> Cuando entr\u00e9 a la formaci\u00f3n psicoanal\u00edtica, renunci\u00e9 al hospital psiqui\u00e1trico.<\/p>\n<p><strong>Paula: \u00a0<\/strong>Mhm.<\/p>\n<p><strong>Benny:<\/strong> Y me dediqu\u00e9 al ejercicio del psicoan\u00e1lisis \u00a0de frent\u00f3n y al tratamiento privado de los pacientes Borderline con psicoterapia expresiva. Y as\u00ed estuve hasta el a\u00f1o 2003 por ah\u00ed, en que 2 personas que fueron muy significativas para m\u00ed, Perla (me falta el apellido) y Teresa Serrano, que ten\u00edan cargos directivos en la en la Universidad del Desarrollo, me llamaron para implementar un post\u00edtulo, un programa en trastornos de personalidad grave. Al mismo tiempo, yo me hab\u00eda acreditado como profesor asistente en la Universidad Chile ,de psiquiatr\u00eda.<\/p>\n<p><strong>Paula:<\/strong> Mhm.<\/p>\n<p><strong>Benny:<\/strong> De manera que yo acept\u00e9 la invitaci\u00f3n de la Universidad al Desarrollo y empezamos con el primer grupo al que formamos en trastornos de personalidad grave, entre la Universidad del Desarrollo (Escuela de Psicolog\u00eda) y la Cl\u00ednica Psiqui\u00e1trica de la Universidad de Chile (Escuela de Medicina). T\u00fa formaste parte de ese primer grupo. En ese contexto, formamos 2 grupos de alumnos.<\/p>\n<p><strong>Paula:<\/strong> Eran 2 promociones.<\/p>\n<p><strong>Benny:<\/strong> Dos promociones sucesivamente. Cada una de ellas duraba 2 a\u00f1os.<\/p>\n<p><strong>Paula :<\/strong> S\u00ed; Claro, 2006-2\u202f07la primera y 2007-2008 la segunda.<\/p>\n<p><strong>Benny Oksenberg:<\/strong> Exactamente. Junto a esas primeras 2 promociones, las formamos, junto particularmente a el Dr. Henry Pollack y la Ps. javiera Somavidia y el Dr. Antonio Menchaca<\/p>\n<p><strong>Paula:<\/strong> Ya, pero esp\u00e9rame, la segunda pregunta, entonces mejor te planteo la segunda pregunta y ah\u00ed seguimos en el relato. Te parece?<\/p>\n<p><strong>Benny :<\/strong> Bueno.<\/p>\n<p><strong>Paula:<\/strong> El El segundo tema es precisamente cu\u00e1les son los or\u00edgenes del Instituto Chileno de Trastorno de personalidad. C\u00f3mo nace y cu\u00e1l es la nuestra misi\u00f3n y nuestra visi\u00f3n.<\/p>\n<p><strong>Benny:<\/strong> Perfecto. El a\u00f1o 2009, Seg\u00fan entiendo. En el contexto de estos dos grupos de formaci\u00f3n que dimos entre la Universidad del Desarrollo y la Universidad de Chile. Se nos ocurri\u00f3 junto al Dr. Antonio Mechaca, el Dr. Henry Polack y la psic\u00f3loga Javiera Somaya, hacer este Instituto que se dedicara al estudio, a la a la docencia y a la cl\u00ednica de pacientes con trastornos de personalidad severo y t\u00e9cnicas basadas en evidencia. Al mismo tiempo que formamos entonces 2009 \u00a0el Instituto chileno de trastornos de personalidad, nos planteamos una misi\u00f3n y una visi\u00f3n bastante simple, relativamente hablando. La misi\u00f3n era convertirnos en un grupo de expertos en patolog\u00eda Borderline y t\u00e9cnicas basadas en evidencias de tratamiento. La visi\u00f3n fue instalarnos en el medio nacional como un referente experto en esta tem\u00e1tica. As\u00ed partimos y esta partida estuvo siempre de la mano con el Instituto de des\u00f3rdenes de personalidad de Nueva York que dirig\u00eda Otto Kernberg. Todav\u00eda no se formaba la International Society of TFP: Nosotros est\u00e1bamos permanentemente en contacto y en relaci\u00f3n con ellos (despu\u00e9s ellos formaron la ISTFP). Y nosotros \u00e9ramos como una unidad sat\u00e9lite. En Chile, m\u00e1s menos. De alguna manera me pareci\u00f3 a m\u00ed. \u00c9ramos considerados -es dif\u00edcil encontrar la palabra- sus emisarios en Chile, digamoslo. Despu\u00e9s se formaron otros grupos de trastorno de personalidad que tambi\u00e9n establecieron relaciones muy cercanas con ellos. Ese fue el inicio del Instituto chileno del trastornos de personalidad en una buena parte integrado por el primer y segundo grupo que se form\u00f3 en las universidades que te cont\u00e9 antes.<\/p>\n<p><strong>Paula:<\/strong> S\u00ed, Y hoy d\u00eda? C\u00f3mo describir\u00edas el momento actual del Instituto.<\/p>\n<p><strong>Benny:<\/strong> Yo creo que el momento actual, por una parte,\u00a0 en mi opini\u00f3n, conserva la mmisi\u00f3n y visi\u00f3n original. Yo, al menos sigo pensando que esas son. Creo que hemos sido razonablemente exitosos porque somos un grupo expertos en esta patolog\u00eda y en t\u00e9cnicas basadas en evidencia, particularmente TTP, t\u00e9cnica en la que yo me acredite primero como terapeuta y luego como profesor y supervisor en Nueva York con el grupo con el que est\u00e1bamos permanentemente en relaci\u00f3n. De manera que creo que somos un grupo expertos en patolog\u00eda severa de personalidad, particularmente TFP, y creo que nos hemos instalado en Chile como un referente t\u00e9cnico y de expertos en este tema. Sinceramente, creo que nos hemos instalado, o sea, cuando cualquier profesional de salud mental trabaja con un pacient Borderline y tiene que hacer alguna derivaci\u00f3n o pedir alguna supervisi\u00f3n, yo creo que nosotros estamos en su mente. Hay otros grupos, evidentemente, que se han creado y han crecido importantemente, pero nosotros estamos instalados entre ellos. No. De manera que creo que la misi\u00f3n y la visi\u00f3n se han cumplido razonablemente y siguen en curso.<\/p>\n<p>Ahora en la organizaci\u00f3n interna el grupo ha cambiadode maneras muy interesantes. En mi opini\u00f3n. Ha ido cambiando de gente, a pesar de que se mantiene un grupo, un core central muy estable de unas 10 a 12 personas que fueron originalmente parte del grupo (entre las cuales est\u00e1s t\u00fa). Ha habido una cierta rotaci\u00f3n de gente que se ha ido, que ha ingresado. El grupo se ha ido desarrollando internamente. Ha ido creando distintas unidades, cada una de ellasse ha \u00a0ido desarrollando. Tenemos hoy d\u00eda una unidad de TFP, una unidad de adolescencia, una unidad de familia y pareja, una unidad de investigaci\u00f3n y una unidad docente -magn\u00edficamente dirigida por ti y por Andrea Isaac- que va a partir en agosto de este a\u00f1o con el segundo plan de formaci\u00f3n que ahora.<\/p>\n<p><strong>Paula:<\/strong> Tercero.<\/p>\n<p><strong>Benny:<\/strong> Tercera, perd\u00f3n, perd\u00f3n.<\/p>\n<p><strong>Paula:<\/strong> Gracias.<\/p>\n<p><strong>Benny:<\/strong> El tercer grupo de formaci\u00f3n, exacto, dictado ahora por el Instituto. Porqueen \u00a0las 2 primeras promociones, el Instituto no exist\u00eda todav\u00eda. Esta tercera promoci\u00f3n, que viene a mediados de a\u00f1o (De 2 a\u00f1os, cada una) ha sido organizada, dirigida, planificada desde dentro. En una en un plan docente, en mi opini\u00f3n, extraordinariamente exitoso. Lo otro que ha pasado en la organizaci\u00f3n internaes que cada una de estas unidades que acabo de definir tiene jefaturas, tiene autonom\u00eda, a pesar de que, evidentemente forma parte de la instituci\u00f3n general. Pero cada una de estas unidades va desarrollando sus actividades de acuerdo a los lineamientos generales del Instituto y particulares de la gente que lo va dirigiendo. De manera que lo primero que yo destacar\u00eda en el estado actual del Instituto es su desarrollo en la organizaci\u00f3n interna: diferenciaci\u00f3n de diferentes \u00e1reas de trabajo, todas las cuales, en mi opini\u00f3n, se van desarrollando razonablemente a distintos ritmos. Como es natural.<\/p>\n<p>Un segundo elemento que me parece a m\u00ed extraordinariamente importante, es que el Instituto se ha ido relacionando con otros grupos. El primero de ellos, el m\u00e1s relevante, me parece a m\u00ed con la Unidad de Adicciones de la escuela de medicina o departamento de psiquiatr\u00eda de la Universidad Cat\u00f3lica. Con la que hemos empezado una relaci\u00f3n hace har\u00e1 unos 5 a\u00f1os, tal vez m\u00e1s. No s\u00e9.<\/p>\n<p><strong>Paula:<\/strong> S\u00ed, alrededor de 4 o 5 a\u00f1os.<\/p>\n<p><strong>Benny:<\/strong> En las que algunos miembros de nuestro grupo se contrataron como estable all\u00e1, T\u00fa eres una de ellas. Y empezamos lentamente a desarrollar una relaci\u00f3n docente rec\u00edproca no. Y actualmente este a\u00f1o partimos con una investigaci\u00f3n conjunta, o sea, esa relaci\u00f3n. A m\u00ed me ha parecido de extraordinaria importancia.<\/p>\n<p><strong>Paula:<\/strong> Ojal\u00e1 que tambi\u00e9n hagamos m\u00e1s jornadas, como la de principio de a\u00f1o.<\/p>\n<p><strong>Benny:\u00a0<\/strong> Claro. De hecho, este a\u00f1o. Hace un par de semanas atr\u00e1s. En el contexto de la titulaci\u00f3n de este segundo grupo de formaci\u00f3n que egres\u00f3 ahora tuvimos unas jornadas en la Universidad Cat\u00f3lica respecto de ciertos temas, en fin, en donde la gente de la UDA de la Cat\u00f3lica trabajaba mano a mano con nosotros. Nosotros organizamos, pero ellos fueron invitados ilustres y nos planteamos para tal vez fin de este a\u00f1o o \u00a0principios del pr\u00f3ximo que \u00edbamos a repetir la jornada, pero esta vez organizada en conjunto. Y, como te dec\u00eda, estamos en una fase muy inicial de una investigaci\u00f3n<\/p>\n<p><strong>Paula:<\/strong> S\u00ed.<\/p>\n<p><strong>Benny:\u00a0<\/strong> Que queremos hacer en pacientes adictos. Que esperamos desarrollar bien. De manera que la relaci\u00f3n con este grupo, la Universidad Cat\u00f3lica, que contiene entre sus miembros, miembros, que son al mismo tiempo nuestros muy relevantes, ha sido, en mi opini\u00f3n, un desarrollo muy, muy relevante.<\/p>\n<p>Otro grupo con el que estamos en realidad en una relaci\u00f3n llamar\u00edamos inicial es el grupo TFP Latinoam\u00e9rica que dirige el grupo uruguayo dirigido por la Ps. M\u00f3nica Eldlin. Con ello hemos empezado a trabajar juntos cada cierto tiempo lo que, en mi opini\u00f3n, tambi\u00e9n es un desarrollo institucional.<\/p>\n<p><strong>Paul:<\/strong> S\u00ed, sin duda.<\/p>\n<p><strong>Benny:<\/strong> Eso te dir\u00eda yo, que el estado actual. Organizaci\u00f3n interna diferenciada y relacion con otros grupos chilenos y extranjeros. Evidentemente, mantenemos una relaci\u00f3n muy cercana con la International Society of Transference Focussed Psychotherapy (TFP), de la cual algunos de nuestros miembros son ya acreditados. El Dr. Julio Armijo es terapeuta acreditado, Ps. Nicol\u00e1s Utman es terapeuta, acreditado y bueno, yo mismo no.<\/p>\n<p><strong>Paula:\u00a0<\/strong> Y las colegas mexicanas tambi\u00e9n.<\/p>\n<p><strong>Benny:<\/strong> Claro y la Ps. Laura Gonz\u00e1lez y Ps. Marcela Beagini tambi\u00e9n tienen la acreditaci\u00f3n de terapeutas de TF, P tienes toda la raz\u00f3n. Marios Spiler, uno de nuestros miembros canadiense entiendo que est\u00e1 en el desarrollo de esa formaci\u00f3n.<\/p>\n<p>Es el estado actual.<\/p>\n<p><strong>Paula:<\/strong> Y relaci\u00f3n con Otto Kernberg\u2019<\/p>\n<p><strong>Benny:<\/strong> Bueno, hemos tenido una relaci\u00f3n personal con OtTo Kernbrg desde el inicio de este Instituto. En la que \u00e9l ha sido nuestro supervisor estable hasta hoy. Eso ha sido realmente un regalo que Otto nos ha dado. Nos ha regalado su amistad y su docencia, Asi que simplemente una gratitud infinita.<\/p>\n<p><strong>Paula:<\/strong> Y para terminar, hoy d\u00eda: \u00bfcu\u00e1l piensas t\u00fa \u00a0que es nuestro sello personal? \u00bfqu\u00e9 nos diferenciar\u00eda de otros grupos? Porque, como bien dijiste, hay otros grupos tambi\u00e9n.<\/p>\n<p><strong>Benny:<\/strong> S\u00ed. Yo creo. Lo tengo relativamente claro, porque lo acabo de exponer en el contexto de la titulaci\u00f3n de los alumnos. Yo creo que nuestro sello personal -que ha sido costoso sostenerlo por razones relativamente obvias- es que hemos tratado de mantenernos en una relaci\u00f3n saludable con el conocimiento, lo que significa que incorporamos todos los conocimientos posibles, particularmente en Borderline, TFP y psicoan\u00e1lisis. Pero de alguna manera nos hemos rehusado a cerrarnos alrededor de una t\u00e9cnica. Por considerar que, en realidad, cada vez que un grupo se cierra alrededor de una t\u00e9cnica el conocimiento, se satura. Se dejan de estudiar otros autores, incluso cr\u00edticos, de la t\u00e9cnica. El conocimiento de la t\u00e9cnica alrededor de la cual el grupo se cierra se idealiza. Nosotros hemos tratado dmantenernos en una posici\u00f3n m\u00e1s ecl\u00e9ctica. Si bien somos un grupo de orientaci\u00f3n psicoanal\u00edtica, absolutamente esa es nuestra identidad fundamental. Pero hemos querido navegar muy cerca de TFP y \u00a0muy cerca del psicoan\u00e1lisis. Pero no cerrarnos alrededor de ninguna de ellas. Yo creo que ese es un sello bastante personal, porque el grupo ha permanecido abiertoa distintas a distintos enfoques psicoanal\u00edticos, digamos, y al mismo tiempo ha tolerado magn\u00edficamente bien la cr\u00edtica que nosotros mismos hacemos a esas t\u00e9cnicas.<\/p>\n<p>A m\u00ed me ha parecido un sello distintivo de gran valor. De manera que los seguimos protegiendo cuando hemos ense\u00f1ado a alumnos. Particularmente las \u00faltimas 2 promociones. Hemos sido expl\u00edcitos respecto de lo que te acabo de explicar, y yo creo que los alumnos lo han valorado tambi\u00e9n enormemente.<\/p>\n<p><strong>Paula:<\/strong> S\u00ed. S\u00ed creo que es uno de los de los aspectos que han valorado de la formaci\u00f3n. La amplitud y la apertura.<\/p>\n<p><strong>Benn:<\/strong> S\u00ed. Yo sinceramente creo que ese es el sello. Los dem\u00e1s grupos que yo conozco, al menos, tienden naturalmente -por lo dem\u00e1s se entiende perfectamente &#8211; a cerrarse alrededor de un cierto mundo de conocimiento. Lo que es una buena idea, pero tambi\u00e9n no es una buena idea.<\/p>\n<p><strong>Paula:<\/strong> Okay. Much\u00edsimas gracias por\u00a0 tiempo. Encantada de haber podido escuchar esta entrevista.<\/p>\n<p><strong>Benny:<\/strong> Y a m\u00ed, encantado siempre de poder pensar en estas cosas. Muchas gracias a ti.<\/p>\n","protected":false},"excerpt":{"rendered":"<p>Entrevistador: Ps. Paula Sanchez (psic\u00f3loga, ex miembro del directorio del ICHTP y coordinadora de la unidad de docencia del ICHTP y miembro estable de la Unidad de Adicciones de la Cl\u00edncia Uc-christus\u00a0 de la Pontificia Universidad Cat\u00f3lica de Chile)<\/p>\n","protected":false},"author":1,"featured_media":1921,"comment_status":"closed","ping_status":"open","sticky":false,"template":"","format":"standard","meta":{"om_disable_all_campaigns":false,"_monsterinsights_skip_tracking":false,"_monsterinsights_sitenote_active":false,"_monsterinsights_sitenote_note":"","_monsterinsights_sitenote_category":0,"_uf_show_specific_survey":0,"_uf_disable_surveys":false,"site-sidebar-layout":"right-sidebar","site-content-layout":"","ast-site-content-layout":"default","site-content-style":"default","site-sidebar-style":"default","ast-global-header-display":"","ast-banner-title-visibility":"","ast-main-header-display":"","ast-hfb-above-header-display":"","ast-hfb-below-header-display":"","ast-hfb-mobile-header-display":"","site-post-title":"","ast-breadcrumbs-content":"","ast-featured-img":"","footer-sml-layout":"","ast-disable-related-posts":"","theme-transparent-header-meta":"default","adv-header-id-meta":"","stick-header-meta":"","header-above-stick-meta":"","header-main-stick-meta":"","header-below-stick-meta":"","astra-migrate-meta-layouts":"set","ast-page-background-enabled":"default","ast-page-background-meta":{"desktop":{"background-color":"var(--ast-global-color-4)","background-image":"","background-repeat":"repeat","background-position":"center center","background-size":"auto","background-attachment":"scroll","background-type":"","background-media":"","overlay-type":"","overlay-color":"","overlay-opacity":"","overlay-gradient":""},"tablet":{"background-color":"","background-image":"","background-repeat":"repeat","background-position":"center center","background-size":"auto","background-attachment":"scroll","background-type":"","background-media":"","overlay-type":"","overlay-color":"","overlay-opacity":"","overlay-gradient":""},"mobile":{"background-color":"","background-image":"","background-repeat":"repeat","background-position":"center center","background-size":"auto","background-attachment":"scroll","background-type":"","background-media":"","overlay-type":"","overlay-color":"","overlay-opacity":"","overlay-gradient":""}},"ast-content-background-meta":{"desktop":{"background-color":"var(--ast-global-color-5)","background-image":"","background-repeat":"repeat","background-position":"center center","background-size":"auto","background-attachment":"scroll","background-type":"","background-media":"","overlay-type":"","overlay-color":"","overlay-opacity":"","overlay-gradient":""},"tablet":{"background-color":"var(--ast-global-color-5)","background-image":"","background-repeat":"repeat","background-position":"center center","background-size":"auto","background-attachment":"scroll","background-type":"","background-media":"","overlay-type":"","overlay-color":"","overlay-opacity":"","overlay-gradient":""},"mobile":{"background-color":"var(--ast-global-color-5)","background-image":"","background-repeat":"repeat","background-position":"center center","background-size":"auto","background-attachment":"scroll","background-type":"","background-media":"","overlay-type":"","overlay-color":"","overlay-opacity":"","overlay-gradient":""}},"_jetpack_memberships_contains_paid_content":false,"footnotes":""},"categories":[17],"tags":[],"class_list":["post-1920","post","type-post","status-publish","format-standard","has-post-thumbnail","hentry","category-boletin"],"yoast_head":"<!-- This site is optimized with the Yoast SEO plugin v27.5 - https:\/\/yoast.com\/product\/yoast-seo-wordpress\/ -->\n<title>Entrevista al Dr. Benny Oksenberg, presidente del directorio del ICHTP -<\/title>\n<meta name=\"robots\" content=\"index, follow, max-snippet:-1, max-image-preview:large, max-video-preview:-1\" \/>\n<link rel=\"canonical\" href=\"https:\/\/ichtp.cl\/portal\/2026\/04\/29\/entrevista-al-dr-benny-oksenberg-presidente-del-directorio-del-ichtp\/\" \/>\n<meta property=\"og:locale\" content=\"es_ES\" \/>\n<meta property=\"og:type\" content=\"article\" \/>\n<meta property=\"og:title\" content=\"Entrevista al Dr. Benny Oksenberg, presidente del directorio del ICHTP -\" \/>\n<meta property=\"og:description\" content=\"Entrevistador: Ps. Paula Sanchez (psic\u00f3loga, ex miembro del directorio del ICHTP y coordinadora de la unidad de docencia del ICHTP y miembro estable de la Unidad de Adicciones de la Cl\u00edncia Uc-christus\u00a0 de la Pontificia Universidad Cat\u00f3lica de Chile)\" \/>\n<meta property=\"og:url\" content=\"https:\/\/ichtp.cl\/portal\/2026\/04\/29\/entrevista-al-dr-benny-oksenberg-presidente-del-directorio-del-ichtp\/\" \/>\n<meta property=\"article:published_time\" content=\"2026-04-29T22:08:35+00:00\" \/>\n<meta property=\"article:modified_time\" content=\"2026-04-30T12:31:18+00:00\" \/>\n<meta property=\"og:image\" content=\"https:\/\/ichtp.cl\/portal\/wp-content\/uploads\/2026\/04\/45b569c3f98a9d1598604c80cba6a3a8.png\" \/>\n\t<meta property=\"og:image:width\" content=\"1200\" \/>\n\t<meta property=\"og:image:height\" content=\"1164\" \/>\n\t<meta property=\"og:image:type\" content=\"image\/png\" \/>\n<meta name=\"author\" content=\"admin\" \/>\n<meta name=\"twitter:card\" content=\"summary_large_image\" \/>\n<meta name=\"twitter:label1\" content=\"Escrito por\" \/>\n\t<meta name=\"twitter:data1\" content=\"admin\" \/>\n\t<meta name=\"twitter:label2\" content=\"Tiempo de lectura\" \/>\n\t<meta name=\"twitter:data2\" content=\"13 minutos\" \/>\n<script type=\"application\/ld+json\" class=\"yoast-schema-graph\">{\"@context\":\"https:\\\/\\\/schema.org\",\"@graph\":[{\"@type\":\"Article\",\"@id\":\"https:\\\/\\\/ichtp.cl\\\/portal\\\/2026\\\/04\\\/29\\\/entrevista-al-dr-benny-oksenberg-presidente-del-directorio-del-ichtp\\\/#article\",\"isPartOf\":{\"@id\":\"https:\\\/\\\/ichtp.cl\\\/portal\\\/2026\\\/04\\\/29\\\/entrevista-al-dr-benny-oksenberg-presidente-del-directorio-del-ichtp\\\/\"},\"author\":{\"name\":\"admin\",\"@id\":\"https:\\\/\\\/ichtp.cl\\\/portal\\\/#\\\/schema\\\/person\\\/1406563f645f2b719d59d044fa8f0edf\"},\"headline\":\"Entrevista al Dr. Benny Oksenberg, presidente del directorio del ICHTP\",\"datePublished\":\"2026-04-29T22:08:35+00:00\",\"dateModified\":\"2026-04-30T12:31:18+00:00\",\"mainEntityOfPage\":{\"@id\":\"https:\\\/\\\/ichtp.cl\\\/portal\\\/2026\\\/04\\\/29\\\/entrevista-al-dr-benny-oksenberg-presidente-del-directorio-del-ichtp\\\/\"},\"wordCount\":2909,\"image\":{\"@id\":\"https:\\\/\\\/ichtp.cl\\\/portal\\\/2026\\\/04\\\/29\\\/entrevista-al-dr-benny-oksenberg-presidente-del-directorio-del-ichtp\\\/#primaryimage\"},\"thumbnailUrl\":\"https:\\\/\\\/ichtp.cl\\\/portal\\\/wp-content\\\/uploads\\\/2026\\\/04\\\/45b569c3f98a9d1598604c80cba6a3a8.png\",\"articleSection\":[\"Boletin\"],\"inLanguage\":\"es\"},{\"@type\":\"WebPage\",\"@id\":\"https:\\\/\\\/ichtp.cl\\\/portal\\\/2026\\\/04\\\/29\\\/entrevista-al-dr-benny-oksenberg-presidente-del-directorio-del-ichtp\\\/\",\"url\":\"https:\\\/\\\/ichtp.cl\\\/portal\\\/2026\\\/04\\\/29\\\/entrevista-al-dr-benny-oksenberg-presidente-del-directorio-del-ichtp\\\/\",\"name\":\"Entrevista al Dr. Benny Oksenberg, presidente del directorio del ICHTP -\",\"isPartOf\":{\"@id\":\"https:\\\/\\\/ichtp.cl\\\/portal\\\/#website\"},\"primaryImageOfPage\":{\"@id\":\"https:\\\/\\\/ichtp.cl\\\/portal\\\/2026\\\/04\\\/29\\\/entrevista-al-dr-benny-oksenberg-presidente-del-directorio-del-ichtp\\\/#primaryimage\"},\"image\":{\"@id\":\"https:\\\/\\\/ichtp.cl\\\/portal\\\/2026\\\/04\\\/29\\\/entrevista-al-dr-benny-oksenberg-presidente-del-directorio-del-ichtp\\\/#primaryimage\"},\"thumbnailUrl\":\"https:\\\/\\\/ichtp.cl\\\/portal\\\/wp-content\\\/uploads\\\/2026\\\/04\\\/45b569c3f98a9d1598604c80cba6a3a8.png\",\"datePublished\":\"2026-04-29T22:08:35+00:00\",\"dateModified\":\"2026-04-30T12:31:18+00:00\",\"author\":{\"@id\":\"https:\\\/\\\/ichtp.cl\\\/portal\\\/#\\\/schema\\\/person\\\/1406563f645f2b719d59d044fa8f0edf\"},\"breadcrumb\":{\"@id\":\"https:\\\/\\\/ichtp.cl\\\/portal\\\/2026\\\/04\\\/29\\\/entrevista-al-dr-benny-oksenberg-presidente-del-directorio-del-ichtp\\\/#breadcrumb\"},\"inLanguage\":\"es\",\"potentialAction\":[{\"@type\":\"ReadAction\",\"target\":[\"https:\\\/\\\/ichtp.cl\\\/portal\\\/2026\\\/04\\\/29\\\/entrevista-al-dr-benny-oksenberg-presidente-del-directorio-del-ichtp\\\/\"]}]},{\"@type\":\"ImageObject\",\"inLanguage\":\"es\",\"@id\":\"https:\\\/\\\/ichtp.cl\\\/portal\\\/2026\\\/04\\\/29\\\/entrevista-al-dr-benny-oksenberg-presidente-del-directorio-del-ichtp\\\/#primaryimage\",\"url\":\"https:\\\/\\\/ichtp.cl\\\/portal\\\/wp-content\\\/uploads\\\/2026\\\/04\\\/45b569c3f98a9d1598604c80cba6a3a8.png\",\"contentUrl\":\"https:\\\/\\\/ichtp.cl\\\/portal\\\/wp-content\\\/uploads\\\/2026\\\/04\\\/45b569c3f98a9d1598604c80cba6a3a8.png\",\"width\":1200,\"height\":1164},{\"@type\":\"BreadcrumbList\",\"@id\":\"https:\\\/\\\/ichtp.cl\\\/portal\\\/2026\\\/04\\\/29\\\/entrevista-al-dr-benny-oksenberg-presidente-del-directorio-del-ichtp\\\/#breadcrumb\",\"itemListElement\":[{\"@type\":\"ListItem\",\"position\":1,\"name\":\"Home\",\"item\":\"https:\\\/\\\/ichtp.cl\\\/portal\\\/\"},{\"@type\":\"ListItem\",\"position\":2,\"name\":\"Entrevista al Dr. Benny Oksenberg, presidente del directorio del ICHTP\"}]},{\"@type\":\"WebSite\",\"@id\":\"https:\\\/\\\/ichtp.cl\\\/portal\\\/#website\",\"url\":\"https:\\\/\\\/ichtp.cl\\\/portal\\\/\",\"name\":\"\",\"description\":\"Portal ICHTP\",\"potentialAction\":[{\"@type\":\"SearchAction\",\"target\":{\"@type\":\"EntryPoint\",\"urlTemplate\":\"https:\\\/\\\/ichtp.cl\\\/portal\\\/?s={search_term_string}\"},\"query-input\":{\"@type\":\"PropertyValueSpecification\",\"valueRequired\":true,\"valueName\":\"search_term_string\"}}],\"inLanguage\":\"es\"},{\"@type\":\"Person\",\"@id\":\"https:\\\/\\\/ichtp.cl\\\/portal\\\/#\\\/schema\\\/person\\\/1406563f645f2b719d59d044fa8f0edf\",\"name\":\"admin\",\"image\":{\"@type\":\"ImageObject\",\"inLanguage\":\"es\",\"@id\":\"https:\\\/\\\/secure.gravatar.com\\\/avatar\\\/df5124790a8bc5b6384b647c2a4f2bf523314a1db40c112ea7f1d9439f1aa53d?s=96&d=mm&r=g\",\"url\":\"https:\\\/\\\/secure.gravatar.com\\\/avatar\\\/df5124790a8bc5b6384b647c2a4f2bf523314a1db40c112ea7f1d9439f1aa53d?s=96&d=mm&r=g\",\"contentUrl\":\"https:\\\/\\\/secure.gravatar.com\\\/avatar\\\/df5124790a8bc5b6384b647c2a4f2bf523314a1db40c112ea7f1d9439f1aa53d?s=96&d=mm&r=g\",\"caption\":\"admin\"},\"sameAs\":[\"https:\\\/\\\/ichtp.cl\\\/portal\"],\"url\":\"https:\\\/\\\/ichtp.cl\\\/portal\\\/author\\\/admin\\\/\"}]}<\/script>\n<!-- \/ Yoast SEO plugin. -->","yoast_head_json":{"title":"Entrevista al Dr. Benny Oksenberg, presidente del directorio del ICHTP -","robots":{"index":"index","follow":"follow","max-snippet":"max-snippet:-1","max-image-preview":"max-image-preview:large","max-video-preview":"max-video-preview:-1"},"canonical":"https:\/\/ichtp.cl\/portal\/2026\/04\/29\/entrevista-al-dr-benny-oksenberg-presidente-del-directorio-del-ichtp\/","og_locale":"es_ES","og_type":"article","og_title":"Entrevista al Dr. Benny Oksenberg, presidente del directorio del ICHTP -","og_description":"Entrevistador: Ps. Paula Sanchez (psic\u00f3loga, ex miembro del directorio del ICHTP y coordinadora de la unidad de docencia del ICHTP y miembro estable de la Unidad de Adicciones de la Cl\u00edncia Uc-christus\u00a0 de la Pontificia Universidad Cat\u00f3lica de Chile)","og_url":"https:\/\/ichtp.cl\/portal\/2026\/04\/29\/entrevista-al-dr-benny-oksenberg-presidente-del-directorio-del-ichtp\/","article_published_time":"2026-04-29T22:08:35+00:00","article_modified_time":"2026-04-30T12:31:18+00:00","og_image":[{"width":1200,"height":1164,"url":"https:\/\/ichtp.cl\/portal\/wp-content\/uploads\/2026\/04\/45b569c3f98a9d1598604c80cba6a3a8.png","type":"image\/png"}],"author":"admin","twitter_card":"summary_large_image","twitter_misc":{"Escrito por":"admin","Tiempo de lectura":"13 minutos"},"schema":{"@context":"https:\/\/schema.org","@graph":[{"@type":"Article","@id":"https:\/\/ichtp.cl\/portal\/2026\/04\/29\/entrevista-al-dr-benny-oksenberg-presidente-del-directorio-del-ichtp\/#article","isPartOf":{"@id":"https:\/\/ichtp.cl\/portal\/2026\/04\/29\/entrevista-al-dr-benny-oksenberg-presidente-del-directorio-del-ichtp\/"},"author":{"name":"admin","@id":"https:\/\/ichtp.cl\/portal\/#\/schema\/person\/1406563f645f2b719d59d044fa8f0edf"},"headline":"Entrevista al Dr. Benny Oksenberg, presidente del directorio del ICHTP","datePublished":"2026-04-29T22:08:35+00:00","dateModified":"2026-04-30T12:31:18+00:00","mainEntityOfPage":{"@id":"https:\/\/ichtp.cl\/portal\/2026\/04\/29\/entrevista-al-dr-benny-oksenberg-presidente-del-directorio-del-ichtp\/"},"wordCount":2909,"image":{"@id":"https:\/\/ichtp.cl\/portal\/2026\/04\/29\/entrevista-al-dr-benny-oksenberg-presidente-del-directorio-del-ichtp\/#primaryimage"},"thumbnailUrl":"https:\/\/ichtp.cl\/portal\/wp-content\/uploads\/2026\/04\/45b569c3f98a9d1598604c80cba6a3a8.png","articleSection":["Boletin"],"inLanguage":"es"},{"@type":"WebPage","@id":"https:\/\/ichtp.cl\/portal\/2026\/04\/29\/entrevista-al-dr-benny-oksenberg-presidente-del-directorio-del-ichtp\/","url":"https:\/\/ichtp.cl\/portal\/2026\/04\/29\/entrevista-al-dr-benny-oksenberg-presidente-del-directorio-del-ichtp\/","name":"Entrevista al Dr. Benny Oksenberg, presidente del directorio del ICHTP -","isPartOf":{"@id":"https:\/\/ichtp.cl\/portal\/#website"},"primaryImageOfPage":{"@id":"https:\/\/ichtp.cl\/portal\/2026\/04\/29\/entrevista-al-dr-benny-oksenberg-presidente-del-directorio-del-ichtp\/#primaryimage"},"image":{"@id":"https:\/\/ichtp.cl\/portal\/2026\/04\/29\/entrevista-al-dr-benny-oksenberg-presidente-del-directorio-del-ichtp\/#primaryimage"},"thumbnailUrl":"https:\/\/ichtp.cl\/portal\/wp-content\/uploads\/2026\/04\/45b569c3f98a9d1598604c80cba6a3a8.png","datePublished":"2026-04-29T22:08:35+00:00","dateModified":"2026-04-30T12:31:18+00:00","author":{"@id":"https:\/\/ichtp.cl\/portal\/#\/schema\/person\/1406563f645f2b719d59d044fa8f0edf"},"breadcrumb":{"@id":"https:\/\/ichtp.cl\/portal\/2026\/04\/29\/entrevista-al-dr-benny-oksenberg-presidente-del-directorio-del-ichtp\/#breadcrumb"},"inLanguage":"es","potentialAction":[{"@type":"ReadAction","target":["https:\/\/ichtp.cl\/portal\/2026\/04\/29\/entrevista-al-dr-benny-oksenberg-presidente-del-directorio-del-ichtp\/"]}]},{"@type":"ImageObject","inLanguage":"es","@id":"https:\/\/ichtp.cl\/portal\/2026\/04\/29\/entrevista-al-dr-benny-oksenberg-presidente-del-directorio-del-ichtp\/#primaryimage","url":"https:\/\/ichtp.cl\/portal\/wp-content\/uploads\/2026\/04\/45b569c3f98a9d1598604c80cba6a3a8.png","contentUrl":"https:\/\/ichtp.cl\/portal\/wp-content\/uploads\/2026\/04\/45b569c3f98a9d1598604c80cba6a3a8.png","width":1200,"height":1164},{"@type":"BreadcrumbList","@id":"https:\/\/ichtp.cl\/portal\/2026\/04\/29\/entrevista-al-dr-benny-oksenberg-presidente-del-directorio-del-ichtp\/#breadcrumb","itemListElement":[{"@type":"ListItem","position":1,"name":"Home","item":"https:\/\/ichtp.cl\/portal\/"},{"@type":"ListItem","position":2,"name":"Entrevista al Dr. Benny Oksenberg, presidente del directorio del ICHTP"}]},{"@type":"WebSite","@id":"https:\/\/ichtp.cl\/portal\/#website","url":"https:\/\/ichtp.cl\/portal\/","name":"","description":"Portal ICHTP","potentialAction":[{"@type":"SearchAction","target":{"@type":"EntryPoint","urlTemplate":"https:\/\/ichtp.cl\/portal\/?s={search_term_string}"},"query-input":{"@type":"PropertyValueSpecification","valueRequired":true,"valueName":"search_term_string"}}],"inLanguage":"es"},{"@type":"Person","@id":"https:\/\/ichtp.cl\/portal\/#\/schema\/person\/1406563f645f2b719d59d044fa8f0edf","name":"admin","image":{"@type":"ImageObject","inLanguage":"es","@id":"https:\/\/secure.gravatar.com\/avatar\/df5124790a8bc5b6384b647c2a4f2bf523314a1db40c112ea7f1d9439f1aa53d?s=96&d=mm&r=g","url":"https:\/\/secure.gravatar.com\/avatar\/df5124790a8bc5b6384b647c2a4f2bf523314a1db40c112ea7f1d9439f1aa53d?s=96&d=mm&r=g","contentUrl":"https:\/\/secure.gravatar.com\/avatar\/df5124790a8bc5b6384b647c2a4f2bf523314a1db40c112ea7f1d9439f1aa53d?s=96&d=mm&r=g","caption":"admin"},"sameAs":["https:\/\/ichtp.cl\/portal"],"url":"https:\/\/ichtp.cl\/portal\/author\/admin\/"}]}},"jetpack_featured_media_url":"https:\/\/ichtp.cl\/portal\/wp-content\/uploads\/2026\/04\/45b569c3f98a9d1598604c80cba6a3a8.png","jetpack-related-posts":[],"jetpack_sharing_enabled":true,"rttpg_featured_image_url":{"full":["https:\/\/ichtp.cl\/portal\/wp-content\/uploads\/2026\/04\/45b569c3f98a9d1598604c80cba6a3a8.png",1200,1164,false],"landscape":["https:\/\/ichtp.cl\/portal\/wp-content\/uploads\/2026\/04\/45b569c3f98a9d1598604c80cba6a3a8.png",1200,1164,false],"portraits":["https:\/\/ichtp.cl\/portal\/wp-content\/uploads\/2026\/04\/45b569c3f98a9d1598604c80cba6a3a8.png",1200,1164,false],"thumbnail":["https:\/\/ichtp.cl\/portal\/wp-content\/uploads\/2026\/04\/45b569c3f98a9d1598604c80cba6a3a8-150x150.png",150,150,true],"medium":["https:\/\/ichtp.cl\/portal\/wp-content\/uploads\/2026\/04\/45b569c3f98a9d1598604c80cba6a3a8-300x291.png",300,291,true],"large":["https:\/\/ichtp.cl\/portal\/wp-content\/uploads\/2026\/04\/45b569c3f98a9d1598604c80cba6a3a8-1024x993.png",1024,993,true],"1536x1536":["https:\/\/ichtp.cl\/portal\/wp-content\/uploads\/2026\/04\/45b569c3f98a9d1598604c80cba6a3a8.png",1200,1164,false],"2048x2048":["https:\/\/ichtp.cl\/portal\/wp-content\/uploads\/2026\/04\/45b569c3f98a9d1598604c80cba6a3a8.png",1200,1164,false]},"rttpg_author":{"display_name":"admin","author_link":"https:\/\/ichtp.cl\/portal\/author\/admin\/"},"rttpg_comment":0,"rttpg_category":"<a href=\"https:\/\/ichtp.cl\/portal\/category\/boletin\/\" rel=\"category tag\">Boletin<\/a>","rttpg_excerpt":"Entrevistador: Ps. Paula Sanchez (psic\u00f3loga, ex miembro del directorio del ICHTP y coordinadora de la unidad de docencia del ICHTP y miembro estable de la Unidad de Adicciones de la Cl\u00edncia Uc-christus\u00a0 de la Pontificia Universidad Cat\u00f3lica de Chile)","_links":{"self":[{"href":"https:\/\/ichtp.cl\/portal\/wp-json\/wp\/v2\/posts\/1920","targetHints":{"allow":["GET"]}}],"collection":[{"href":"https:\/\/ichtp.cl\/portal\/wp-json\/wp\/v2\/posts"}],"about":[{"href":"https:\/\/ichtp.cl\/portal\/wp-json\/wp\/v2\/types\/post"}],"author":[{"embeddable":true,"href":"https:\/\/ichtp.cl\/portal\/wp-json\/wp\/v2\/users\/1"}],"replies":[{"embeddable":true,"href":"https:\/\/ichtp.cl\/portal\/wp-json\/wp\/v2\/comments?post=1920"}],"version-history":[{"count":4,"href":"https:\/\/ichtp.cl\/portal\/wp-json\/wp\/v2\/posts\/1920\/revisions"}],"predecessor-version":[{"id":1958,"href":"https:\/\/ichtp.cl\/portal\/wp-json\/wp\/v2\/posts\/1920\/revisions\/1958"}],"wp:featuredmedia":[{"embeddable":true,"href":"https:\/\/ichtp.cl\/portal\/wp-json\/wp\/v2\/media\/1921"}],"wp:attachment":[{"href":"https:\/\/ichtp.cl\/portal\/wp-json\/wp\/v2\/media?parent=1920"}],"wp:term":[{"taxonomy":"category","embeddable":true,"href":"https:\/\/ichtp.cl\/portal\/wp-json\/wp\/v2\/categories?post=1920"},{"taxonomy":"post_tag","embeddable":true,"href":"https:\/\/ichtp.cl\/portal\/wp-json\/wp\/v2\/tags?post=1920"}],"curies":[{"name":"wp","href":"https:\/\/api.w.org\/{rel}","templated":true}]}}